



{"id":5443,"date":"2024-08-26T11:25:58","date_gmt":"2024-08-26T09:25:58","guid":{"rendered":"http:\/\/coneb.africa\/web\/?p=5443"},"modified":"2024-08-26T11:25:58","modified_gmt":"2024-08-26T09:25:58","slug":"celebration-du-1er-mai-2024-au-benin-albin-feliho-president-de-la-coneb-lance-un-vibrant-appel-aux-entrepreneurs-et-gouvernants","status":"publish","type":"post","link":"https:\/\/coneb.africa\/web\/2024\/08\/26\/celebration-du-1er-mai-2024-au-benin-albin-feliho-president-de-la-coneb-lance-un-vibrant-appel-aux-entrepreneurs-et-gouvernants\/","title":{"rendered":"C\u00e9l\u00e9bration du 1er Mai 2024 au B\u00e9nin: Albin FELIHO, Pr\u00e9sident de la CONEB lance un vibrant appel aux entrepreneurs et gouvernants"},"content":{"rendered":"<p>\u00ab \u2026les entreprises \u00e0 capitaux nationaux continuent de faire face \u00e0 de multiples d\u00e9fis, allant de l\u2019acc\u00e8s au financement\u2026 Il est imp\u00e9ratif que l\u2019\u00c9tat intensifie ses efforts pour impliquer davantage le secteur priv\u00e9 national\u2026 \u00bb<\/p>\n<p>&nbsp;<\/p>\n<p>Il ne cesse de plaider chaque occasion pour une meilleure condition d\u2019exercice et de rayonnement des entreprises nationales. Lui, c\u2019est Monsieur Albin FELIHO, Pr\u00e9sident de la Conf\u00e9d\u00e9ration Nationale des Employeurs du B\u00e9nin (CONEB). \u00c0 l\u2019occasion de la c\u00e9l\u00e9bration de ce premier mai 2024, journ\u00e9e par excellence consacr\u00e9e par la communaut\u00e9 internationale pour c\u00e9l\u00e9brer le travail et honorer tous les travailleurs du monde, l\u2019homme a, comme il sait bien le faire chaque fois salu\u00e9 le m\u00e9rite de tous les Employ\u00e9s et Employeurs b\u00e9ninois. Le pr\u00e9sident de la CONEB a saisi la tribune pour faire part des difficult\u00e9s auxquelles sont confront\u00e9es les entreprises \u00e0 capitaux nationaux en d\u00e9pit des efforts enregistr\u00e9s. Se basant sur cet \u00e9tat de chose qui offre tr\u00e8s peu de chance \u00e0 l\u2019\u00e9closion voire le rayonnement du secteur priv\u00e9 national, en bon devancier, il a lanc\u00e9 un vibrant appel aux autorit\u00e9s gouvernementales afin que le tir soit corrig\u00e9.<\/p>\n<p>&nbsp;<\/p>\n<p>Lire l\u2019int\u00e9gralit\u00e9 du message de Monsieur Albin FELIHO Pr\u00e9sident de la CONEB<\/p>\n<p>&nbsp;<\/p>\n<p>En ce 1er Mai, journ\u00e9e d\u00e9di\u00e9e au travail et c\u00e9l\u00e9bration des travailleurs, il est ind\u00e9niable que cette f\u00eate rev\u00eat aussi une importance particuli\u00e8re pour le monde de l\u2019entreprise. L\u2019entreprise, en tant que lieu de convergence des acteurs productifs d\u2019un pays, m\u00e9rite d\u2019\u00eatre c\u00e9l\u00e9br\u00e9e pour le r\u00f4le crucial qu\u2019elle joue dans notre soci\u00e9t\u00e9.<\/p>\n<p>&nbsp;<\/p>\n<p>Au B\u00e9nin, une volont\u00e9 \u00e9vidente \u00e9mane de nos dirigeants quant \u00e0 la transformation du climat des affaires en une opportunit\u00e9 d\u2019investissement. Cependant, cette ambition semble b\u00e9n\u00e9ficier de mani\u00e8re disproportionn\u00e9e aux investisseurs \u00e9trangers, laissant les investisseurs nationaux dans l\u2019ombre. Pourtant, un soutien accru de l\u2019administration \u00e0 ces derniers pourrait garantir une croissance \u00e9conomique p\u00e9renne, b\u00e9n\u00e9ficiant \u00e0 tous les acteurs, des travailleurs aux dirigeants, en passant par les investisseurs.<\/p>\n<p>&nbsp;<\/p>\n<p>Dans cette optique, les syndicats \u00e9voluent vers des revendications plus align\u00e9es sur les int\u00e9r\u00eats de l\u2019entreprise, reconnaissant que leur bien-\u00eatre est intrins\u00e8quement li\u00e9 \u00e0 la prosp\u00e9rit\u00e9 de ces derni\u00e8res.<\/p>\n<p>&nbsp;<\/p>\n<p>Les r\u00e9formes l\u00e9gislatives \u00e0 fort impact \u00e9conomique introduites depuis 2018 ont apport\u00e9 une flexibilit\u00e9 appr\u00e9ciable \u00e0 l\u2019entrepreneuriat, tandis que la digitalisation des interactions entre les secteurs public et priv\u00e9 a contribu\u00e9 \u00e0 r\u00e9duire les obstacles bureaucratiques. Ces mesures ont non seulement renforc\u00e9 les finances publiques gr\u00e2ce \u00e0 une assiette fiscale \u00e9largie, mais ont \u00e9galement attir\u00e9 des investisseurs \u00e9trangers, t\u00e9moignant ainsi de leur efficacit\u00e9. Cependant, qu\u2019en est-il des investisseurs nationaux, dont la contribution au PIB reste marginale malgr\u00e9 leur nombre cons\u00e9quent ?<\/p>\n<p>&nbsp;<\/p>\n<p>La f\u00eate du Travail est l\u2019occasion de r\u00e9fl\u00e9chir sur les raisons qui poussent les entrepreneurs b\u00e9ninois \u00e0 chercher des opportunit\u00e9s \u00e0 l\u2019\u00e9tranger, alors m\u00eame que le potentiel de d\u00e9veloppement national est immense, notamment dans des secteurs cl\u00e9s tels que le b\u00e2timent, le tourisme, l\u2019agriculture etc\u2026<\/p>\n<p>&nbsp;<\/p>\n<p>Malgr\u00e9 les efforts d\u00e9ploy\u00e9s par le gouvernement, les entreprises \u00e0 capitaux nationaux continuent de faire face \u00e0 de multiples d\u00e9fis, allant de l\u2019acc\u00e8s au financement \u00e0 la concurrence d\u00e9loyale du secteur informel. La pand\u00e9mie de la COVID-19 a exacerb\u00e9 ces difficult\u00e9s, mettant \u00e0 rude \u00e9preuve la r\u00e9silience des entreprises dans de nombreux secteurs.<\/p>\n<p>&nbsp;<\/p>\n<p>Il est imp\u00e9ratif que l\u2019\u00c9tat intensifie ses efforts pour impliquer davantage le secteur priv\u00e9 national dans le d\u00e9veloppement des infrastructures essentielles \u00e0 la croissance \u00e9conomique, en favorisant un dialogue r\u00e9gulier avec les organisations patronales telles que la CONEB. Les initiatives gouvernementales visant \u00e0 redonner espoir aux entrepreneurs nationaux en difficult\u00e9s doivent \u00eatre renforc\u00e9es, car leur succ\u00e8s b\u00e9n\u00e9ficiera \u00e0 l\u2019ensemble de la soci\u00e9t\u00e9 b\u00e9ninoise.<\/p>\n<p>&nbsp;<\/p>\n<p>En conclusion, la r\u00e9solution des d\u00e9fis auxquels sont confront\u00e9es les entreprises \u00e0 capitaux nationaux est essentielle et capitale pour assurer un avenir prosp\u00e8re pour l\u2019\u00e9conomie du B\u00e9nin.<\/p>\n<p>En cette journ\u00e9e du 1er Mai, c\u00e9l\u00e9brons les acteurs en entreprises et engageons-nous \u00e0 cr\u00e9er un environnement favorable \u00e0 leur r\u00e9ussite.<\/p>\n<p>&nbsp;<\/p>\n<p><strong>Vive la CONEB !<\/strong><\/p>\n<p><strong>&nbsp;<\/strong><\/p>\n<p><strong>Vivent les entrepreneurs b\u00e9ninois !<\/strong><\/p>\n<p><strong>&nbsp;<\/strong><\/p>\n<p><strong>Cotonou, le 1er Mai 2024<\/strong><\/p>\n<p><strong>&nbsp;<\/strong><\/p>\n<p><strong>Albin FELIHO<\/strong><\/p>\n<p><strong>Pr\u00e9sident de la Conf\u00e9d\u00e9ration Nationale des Employeurs du B\u00e9nin<\/strong><\/p>\n","protected":false},"excerpt":{"rendered":"<p>\u00ab \u2026les entreprises \u00e0 capitaux nationaux continuent de faire face \u00e0 de multiples d\u00e9fis, allant de l\u2019acc\u00e8s au financement\u2026 Il est imp\u00e9ratif que l\u2019\u00c9tat intensifie ses efforts pour impliquer davantage le secteur priv\u00e9 national\u2026 \u00bb &nbsp; Il ne cesse de plaider chaque occasion pour une meilleure condition d\u2019exercice et de rayonnement des entreprises nationales. Lui, [&hellip;]<\/p>\n","protected":false},"author":7,"featured_media":5444,"comment_status":"open","ping_status":"open","sticky":false,"template":"","format":"standard","meta":{"ngg_post_thumbnail":0,"footnotes":""},"categories":[1],"tags":[],"class_list":["post-5443","post","type-post","status-publish","format-standard","has-post-thumbnail","hentry","category-non-classe"],"_links":{"self":[{"href":"https:\/\/coneb.africa\/web\/wp-json\/wp\/v2\/posts\/5443","targetHints":{"allow":["GET"]}}],"collection":[{"href":"https:\/\/coneb.africa\/web\/wp-json\/wp\/v2\/posts"}],"about":[{"href":"https:\/\/coneb.africa\/web\/wp-json\/wp\/v2\/types\/post"}],"author":[{"embeddable":true,"href":"https:\/\/coneb.africa\/web\/wp-json\/wp\/v2\/users\/7"}],"replies":[{"embeddable":true,"href":"https:\/\/coneb.africa\/web\/wp-json\/wp\/v2\/comments?post=5443"}],"version-history":[{"count":1,"href":"https:\/\/coneb.africa\/web\/wp-json\/wp\/v2\/posts\/5443\/revisions"}],"predecessor-version":[{"id":5445,"href":"https:\/\/coneb.africa\/web\/wp-json\/wp\/v2\/posts\/5443\/revisions\/5445"}],"wp:featuredmedia":[{"embeddable":true,"href":"https:\/\/coneb.africa\/web\/wp-json\/wp\/v2\/media\/5444"}],"wp:attachment":[{"href":"https:\/\/coneb.africa\/web\/wp-json\/wp\/v2\/media?parent=5443"}],"wp:term":[{"taxonomy":"category","embeddable":true,"href":"https:\/\/coneb.africa\/web\/wp-json\/wp\/v2\/categories?post=5443"},{"taxonomy":"post_tag","embeddable":true,"href":"https:\/\/coneb.africa\/web\/wp-json\/wp\/v2\/tags?post=5443"}],"curies":[{"name":"wp","href":"https:\/\/api.w.org\/{rel}","templated":true}]}}