



{"id":5463,"date":"2024-09-17T17:46:23","date_gmt":"2024-09-17T15:46:23","guid":{"rendered":"http:\/\/coneb.africa\/web\/?p=5463"},"modified":"2024-09-17T17:46:23","modified_gmt":"2024-09-17T15:46:23","slug":"seance-dechange-et-de-partenariat-entre-la-coneb-et-la-ftpe-en-guadeloupe","status":"publish","type":"post","link":"https:\/\/coneb.africa\/web\/2024\/09\/17\/seance-dechange-et-de-partenariat-entre-la-coneb-et-la-ftpe-en-guadeloupe\/","title":{"rendered":"SEANCE D\u2019ECHANGE ET DE PARTENARIAT ENTRE LA CONEB ET LA FTPE EN GUADELOUPE"},"content":{"rendered":"<p>Le lundi 16 septembre 2024, le Pr\u00e9sident de la F\u00e9d\u00e9ration des Tr\u00e8s Petites Entreprises de la Guadeloupe M. Alan NANDAM, a re\u00e7u dans ses locaux \u00e0 Pointe-\u00e0-Pitre en Guadeloupe, M. Albin FELIHO, Pr\u00e9sident de la Conf\u00e9d\u00e9ration Nationale des Employeurs du B\u00e9nin (CONEB). Cette rencontre annonce un tournant potentiel dans les relations \u00e9conomiques et commerciales entre les deux r\u00e9gions.<\/p>\n<p>&nbsp;<\/p>\n<p>L&rsquo;objectif principal de cette s\u00e9ance de travail \u00e9tait d&rsquo;explorer des pistes de coop\u00e9ration et de renforcer les liens entre les employeurs et les petites entreprises des deux territoires. M. FELIHO et M. NANDAM ont discut\u00e9 de divers aspects de la coop\u00e9ration, incluant les opportunit\u00e9s d&rsquo;\u00e9changes commerciaux, le soutien aux PME, et les initiatives de d\u00e9veloppement \u00e9conomique.<\/p>\n<p>&nbsp;<\/p>\n<p>Au c\u0153ur des discussions, plusieurs projets de collaboration ont \u00e9t\u00e9 envisag\u00e9s, notamment des programmes de mentorat pour les jeunes entrepreneurs, des partenariats pour le d\u00e9veloppement de nouvelles technologies, et des \u00e9changes de bonnes pratiques en mati\u00e8re de gestion d&rsquo;entreprise. Les deux dirigeants ont exprim\u00e9 leur volont\u00e9 de promouvoir un climat d&rsquo;affaires favorable et de partager leurs exp\u00e9riences pour soutenir la croissance des tr\u00e8s petites entreprises dans leurs r\u00e9gions respectives.<\/p>\n<p>&nbsp;<\/p>\n<p>Cette rencontre s&rsquo;inscrit dans une dynamique de renforcement des relations internationales et de coop\u00e9ration interr\u00e9gionale. Les discussions ont \u00e9galement port\u00e9 sur les d\u00e9fis communs auxquels les employeurs et les petites entreprises sont confront\u00e9s, tels que la n\u00e9cessit\u00e9 d&rsquo;innovation, la gestion des ressources humaines, et la recherche de financements adapt\u00e9s.<\/p>\n<p>&nbsp;<\/p>\n<p>Les deux parties ont convenu de mettre en place un comit\u00e9 de suivi pour approfondir les projets \u00e9voqu\u00e9s et d\u00e9finir des actions concr\u00e8tes \u00e0 mettre en \u0153uvre dans les mois \u00e0 venir. Cette collaboration promet de favoriser des \u00e9changes fructueux et d&rsquo;apporter des b\u00e9n\u00e9fices tangibles aux entreprises des deux r\u00e9gions.<\/p>\n<p>&nbsp;<\/p>\n<p>En conclusion, cette rencontre entre M. Albin FELIHO et M. Alan NANDAM marque le d\u00e9but d&rsquo;une nouvelle \u00e8re de coop\u00e9ration entre le B\u00e9nin et la Guadeloupe, avec des perspectives r\u00e9jouissantes pour le d\u00e9veloppement \u00e9conomique local et r\u00e9gional. Les initiatives discut\u00e9es pourraient ouvrir la voie \u00e0 des opportunit\u00e9s de croissance et de d\u00e9veloppement pour les tr\u00e8s petites entreprises, tout en renfor\u00e7ant les liens \u00e9conomiques entre les deux continents.<\/p>\n<p>&nbsp;<\/p>\n<p><em><strong>CONEB ! ENSEMBLE, LE BENIN AVANCE<\/strong><\/em><\/p>\n","protected":false},"excerpt":{"rendered":"<p>Le lundi 16 septembre 2024, le Pr\u00e9sident de la F\u00e9d\u00e9ration des Tr\u00e8s Petites Entreprises de la Guadeloupe M. Alan NANDAM, a re\u00e7u dans ses locaux \u00e0 Pointe-\u00e0-Pitre en Guadeloupe, M. Albin FELIHO, Pr\u00e9sident de la Conf\u00e9d\u00e9ration Nationale des Employeurs du B\u00e9nin (CONEB). Cette rencontre annonce un tournant potentiel dans les relations \u00e9conomiques et commerciales entre [&hellip;]<\/p>\n","protected":false},"author":7,"featured_media":5464,"comment_status":"open","ping_status":"open","sticky":false,"template":"elementor_header_footer","format":"standard","meta":{"ngg_post_thumbnail":0,"footnotes":""},"categories":[37],"tags":[],"class_list":["post-5463","post","type-post","status-publish","format-standard","has-post-thumbnail","hentry","category-nouvelle"],"_links":{"self":[{"href":"https:\/\/coneb.africa\/web\/wp-json\/wp\/v2\/posts\/5463","targetHints":{"allow":["GET"]}}],"collection":[{"href":"https:\/\/coneb.africa\/web\/wp-json\/wp\/v2\/posts"}],"about":[{"href":"https:\/\/coneb.africa\/web\/wp-json\/wp\/v2\/types\/post"}],"author":[{"embeddable":true,"href":"https:\/\/coneb.africa\/web\/wp-json\/wp\/v2\/users\/7"}],"replies":[{"embeddable":true,"href":"https:\/\/coneb.africa\/web\/wp-json\/wp\/v2\/comments?post=5463"}],"version-history":[{"count":1,"href":"https:\/\/coneb.africa\/web\/wp-json\/wp\/v2\/posts\/5463\/revisions"}],"predecessor-version":[{"id":5467,"href":"https:\/\/coneb.africa\/web\/wp-json\/wp\/v2\/posts\/5463\/revisions\/5467"}],"wp:featuredmedia":[{"embeddable":true,"href":"https:\/\/coneb.africa\/web\/wp-json\/wp\/v2\/media\/5464"}],"wp:attachment":[{"href":"https:\/\/coneb.africa\/web\/wp-json\/wp\/v2\/media?parent=5463"}],"wp:term":[{"taxonomy":"category","embeddable":true,"href":"https:\/\/coneb.africa\/web\/wp-json\/wp\/v2\/categories?post=5463"},{"taxonomy":"post_tag","embeddable":true,"href":"https:\/\/coneb.africa\/web\/wp-json\/wp\/v2\/tags?post=5463"}],"curies":[{"name":"wp","href":"https:\/\/api.w.org\/{rel}","templated":true}]}}