



{"id":5477,"date":"2024-09-30T18:26:12","date_gmt":"2024-09-30T16:26:12","guid":{"rendered":"https:\/\/coneb.africa\/web\/?p=5477"},"modified":"2024-09-30T18:26:12","modified_gmt":"2024-09-30T16:26:12","slug":"premiere-session-du-cadre-de-collaboration-organisations-syndicales-des-travailleurs-et-organisations-syndicales-des-employeurs-du-benin-un-pas-vers-lharmonisation-des-relations-professionnelles","status":"publish","type":"post","link":"https:\/\/coneb.africa\/web\/2024\/09\/30\/premiere-session-du-cadre-de-collaboration-organisations-syndicales-des-travailleurs-et-organisations-syndicales-des-employeurs-du-benin-un-pas-vers-lharmonisation-des-relations-professionnelles\/","title":{"rendered":"PREMI\u00c8RE SESSION DU CADRE DE COLLABORATION ORGANISATIONS SYNDICALES DES TRAVAILLEURS ET ORGANISATIONS SYNDICALES DES EMPLOYEURS DU B\u00c9NIN : UN PAS VERS L&rsquo;HARMONISATION DES RELATIONS PROFESSIONNELLES\u00a0"},"content":{"rendered":"\n<p>Le jeudi 26 septembre 2026, le Conseil National du Patronat (CNP-B\u00e9nin) a accueilli la premi\u00e8re session du Cadre de Collaboration Organisations Syndicales des Travailleurs et Organisations Syndicales des Employeurs pour l&rsquo;Efficacit\u00e9 du Dialogue Social (CCO-EDS). Cet \u00e9v\u00e9nement marquant a rassembl\u00e9 les principales parties prenantes du dialogue social au B\u00e9nin, notamment le CNP-B\u00e9nin, la CONEB, la COSI-B\u00e9nin et la CSA-B\u00e9nin, autour du th\u00e8me central : \u00ab\u00a0Dialogue social bipartite entre syndicats des travailleurs et syndicats des employeurs\u00a0\u00bb.<\/p>\n\n\n\n<p>Apr\u00e8s la pr\u00e9sentation des participants et salutation d\u2019usage, la s\u00e9ance s\u2019est introduite aux environs de 10 heures avec une communication pr\u00e9sent\u00e9e par Mr Kassim ASSOUMA, consultant et facilitateur du CCO-EDS. Dans son intervention, M. ASSOUMA a retrac\u00e9 l&rsquo;historique du cadre de dialogue, soulignant l&rsquo;importance cruciale de la collaboration entre les diff\u00e9rents acteurs du monde du travail. Il a mis en avant les implications de chaque partie prenante ainsi que les principes de fonctionnement qui r\u00e9giront ce cadre bipartite. Selon lui, l\u2019ambition de cr\u00e9ation d\u2019un tel dispositif, est de cr\u00e9er un espace de concertation o\u00f9 les pr\u00e9occupations des travailleurs et des employeurs peuvent \u00eatre entendues et prises en compte de mani\u00e8re consensuelle et \u00e9quilibr\u00e9e.<\/p>\n\n\n\n<p>La seconde communication, anim\u00e9e par Mr Pierre A. ZANNOU, a approfondi les th\u00e9matiques relatives au dialogue social bipartite, en exposant ses principes fondamentaux, ses avantages et son r\u00f4le indispensable dans la construction d\u2019un dialogue social tripartite plus objectif. M. ZANNOU a \u00e9galement soulign\u00e9 que l\u2019instauration d\u2019un dialogue efficace entre employeurs et travailleurs est non seulement b\u00e9n\u00e9fique pour les relations professionnelles, mais constitue \u00e9galement un levier essentiel pour le d\u00e9veloppement \u00e9conomique du pays.<\/p>\n\n\n\n<p>Les \u00e9changes qui ont suivi ces pr\u00e9sentations ont permis aux participants de partager leurs exp\u00e9riences et de proposer des pistes d&rsquo;am\u00e9lioration pour le cadre de dialogue social. Les intervenants ont unanimement convenu que le succ\u00e8s du CCO-EDS d\u00e9pendra de l\u2019engagement continu de toutes les parties prenantes et de leur capacit\u00e9 \u00e0 travailler ensemble de mani\u00e8re constructive.<\/p>\n\n\n\n<p>Pour le President de la CONEB emp\u00each\u00e9, Albin FELIHO, le CCO-EDS repr\u00e9sente un espoir pour l\u2019avenir du dialogue social au B\u00e9nin. En unissant les forces des syndicats des travailleurs et des employeurs, cet espace pourrait devenir un mod\u00e8le de collaboration, inspirant d&rsquo;autres pays de la r\u00e9gion. Les acteurs engag\u00e9s sont d\u00e9sormais appel\u00e9s \u00e0 transformer les discours en actions concr\u00e8tes, garantissant ainsi la p\u00e9rennit\u00e9 de ce cadre de dialogue et son impact positif sur la soci\u00e9t\u00e9 b\u00e9ninoise.<\/p>\n\n\n\n<p>En conclusion, cette premi\u00e8re session du CCO-EDS a \u00e9t\u00e9 un moment d\u00e9terminant pour la construction d\u2019un environnement de travail plus harmonieux et productif au B\u00e9nin. Les syndicats des travailleurs et des employeurs semblent d\u00e9sormais plus d\u00e9termin\u00e9s que jamais \u00e0 instaurer un dialogue ouvert et transparent, afin de r\u00e9pondre aux d\u00e9fis du march\u00e9 du travail et de promouvoir une coop\u00e9ration mutuellement b\u00e9n\u00e9fique. L&rsquo;avenir du dialogue social au B\u00e9nin est en marche, et les acteurs sont pr\u00eats \u00e0 relever ce d\u00e9fi ensemble.<\/p>\n\n\n\n<p>CONEB ! ENSEMBLE, LE BENIN AVANCE<\/p>\n","protected":false},"excerpt":{"rendered":"<p>Le jeudi 26 septembre 2026, le Conseil National du Patronat (CNP-B\u00e9nin) a accueilli la premi\u00e8re session du Cadre de Collaboration Organisations Syndicales des Travailleurs et Organisations Syndicales des Employeurs pour l&rsquo;Efficacit\u00e9 du Dialogue Social (CCO-EDS). Cet \u00e9v\u00e9nement marquant a rassembl\u00e9 les principales parties prenantes du dialogue social au B\u00e9nin, notamment le CNP-B\u00e9nin, la CONEB, la [&hellip;]<\/p>\n","protected":false},"author":7,"featured_media":5478,"comment_status":"open","ping_status":"open","sticky":false,"template":"","format":"standard","meta":{"ngg_post_thumbnail":0,"footnotes":""},"categories":[37],"tags":[],"class_list":["post-5477","post","type-post","status-publish","format-standard","has-post-thumbnail","hentry","category-nouvelle"],"_links":{"self":[{"href":"https:\/\/coneb.africa\/web\/wp-json\/wp\/v2\/posts\/5477","targetHints":{"allow":["GET"]}}],"collection":[{"href":"https:\/\/coneb.africa\/web\/wp-json\/wp\/v2\/posts"}],"about":[{"href":"https:\/\/coneb.africa\/web\/wp-json\/wp\/v2\/types\/post"}],"author":[{"embeddable":true,"href":"https:\/\/coneb.africa\/web\/wp-json\/wp\/v2\/users\/7"}],"replies":[{"embeddable":true,"href":"https:\/\/coneb.africa\/web\/wp-json\/wp\/v2\/comments?post=5477"}],"version-history":[{"count":1,"href":"https:\/\/coneb.africa\/web\/wp-json\/wp\/v2\/posts\/5477\/revisions"}],"predecessor-version":[{"id":5479,"href":"https:\/\/coneb.africa\/web\/wp-json\/wp\/v2\/posts\/5477\/revisions\/5479"}],"wp:featuredmedia":[{"embeddable":true,"href":"https:\/\/coneb.africa\/web\/wp-json\/wp\/v2\/media\/5478"}],"wp:attachment":[{"href":"https:\/\/coneb.africa\/web\/wp-json\/wp\/v2\/media?parent=5477"}],"wp:term":[{"taxonomy":"category","embeddable":true,"href":"https:\/\/coneb.africa\/web\/wp-json\/wp\/v2\/categories?post=5477"},{"taxonomy":"post_tag","embeddable":true,"href":"https:\/\/coneb.africa\/web\/wp-json\/wp\/v2\/tags?post=5477"}],"curies":[{"name":"wp","href":"https:\/\/api.w.org\/{rel}","templated":true}]}}