



{"id":5514,"date":"2024-11-19T17:12:46","date_gmt":"2024-11-19T16:12:46","guid":{"rendered":"https:\/\/coneb.africa\/web\/?p=5514"},"modified":"2024-11-19T17:12:48","modified_gmt":"2024-11-19T16:12:48","slug":"seance-de-travail-entre-la-cgtb-et-la-coneb-vers-une-convention-collective-equitable-dans-lenseignement-prive","status":"publish","type":"post","link":"https:\/\/coneb.africa\/web\/2024\/11\/19\/seance-de-travail-entre-la-cgtb-et-la-coneb-vers-une-convention-collective-equitable-dans-lenseignement-prive\/","title":{"rendered":"SEANCE DE TRAVAIL ENTRE LA CGTB ET LA CONEB : VERS UNE CONVENTION COLLECTIVE EQUITABLE DANS L&rsquo;ENSEIGNEMENT PRIVE"},"content":{"rendered":"\n<p>Ce mardi 05 novembre 2024, une s\u00e9ance de travail strat\u00e9gique s\u2019est tenue dans les locaux de la <strong>Conf\u00e9d\u00e9ration Nationale des Employeurs du B\u00e9nin<\/strong> (<strong>CONEB<\/strong>), r\u00e9unissant des repr\u00e9sentants de la <strong>Conf\u00e9d\u00e9ration G\u00e9n\u00e9rale des Travailleurs du B\u00e9nin<\/strong> (<strong>CGTB<\/strong>) et des membres du Comit\u00e9 Directeur National de la<strong> CONEB<\/strong>. Aux environs de 15 heures, les d\u00e9l\u00e9gations ont entam\u00e9 les discussions portant sur le projet de convention collective du secteur priv\u00e9 de l\u2019enseignement, une initiative de la <strong>CGTB<\/strong>, visant \u00e0 am\u00e9liorer les conditions de travail et \u00e0 r\u00e9pondre aux enjeux de ce secteur vital.<\/p>\n\n\n\n<p>Dans une atmosph\u00e8re empreinte de collaboration et de d\u00e9termination, la d\u00e9l\u00e9gation de la <strong>CGTB<\/strong> a ouvert la discussion, par une analyse approfondie de l\u2019avant-projet de convention collective de l\u2019enseignement priv\u00e9. Ce texte, qui vise \u00e0 encadrer et \u00e0 am\u00e9liorer les conditions de travail des employ\u00e9s et employeurs du secteur priv\u00e9 de l\u2019enseignement, est per\u00e7u comme une \u00e9tape d\u00e9cisive pour garantir un environnement \u00e9ducatif sain et respectueux des droits des travailleurs.<\/p>\n\n\n\n<p>La <strong>CGTB<\/strong> a particuli\u00e8rement insist\u00e9 sur les conditions actuelles du secteur, marqu\u00e9es par des disparit\u00e9s notables entre les \u00e9tablissements et des difficult\u00e9s grandissantes pour le personnel enseignant. \u00ab\u202fIl est essentiel de poser les bases d\u2019une convention solide qui puisse soutenir un d\u00e9veloppement harmonieux de l\u2019enseignement priv\u00e9 et offrir une stabilit\u00e9 aux enseignants et aux promoteurs\u202fd\u2019\u00e9tablissement \u00bb, a soulign\u00e9 le <strong>Secr\u00e9taire G\u00e9n\u00e9ral de la<\/strong> <strong>CGTB<\/strong>, exprimant la volont\u00e9 des travailleurs de participer activement \u00e0 cette \u00e9volution.<\/p>\n\n\n\n<p>L\u2019\u00c9tat, garant de l\u2019acc\u00e8s \u00e0 une \u00e9ducation de qualit\u00e9 pour tous, a un grand r\u00f4le \u00e0 jouer dans ce projet de convention collective. Les deux parties s\u2019accordent sur l\u2019importance d\u2019une intervention gouvernementale pour encadrer les standards de formation dans l\u2019enseignement priv\u00e9. En effet, l\u2019ad\u00e9quation entre les comp\u00e9tences enseign\u00e9es et les besoins r\u00e9els du march\u00e9 du travail est apparue comme une pr\u00e9occupation majeure.<\/p>\n\n\n\n<p>Les repr\u00e9sentants de la <strong>CONEB<\/strong> ont soulign\u00e9 que \u00ab\u202fl\u2019enseignement priv\u00e9 ne peut pas uniquement d\u00e9pendre des financements internes\u202f; il est n\u00e9cessaire que l\u2019\u00c9tat assume une partie de la responsabilit\u00e9 pour garantir une formation de qualit\u00e9 et accessible\u202f\u00bb. <strong>M. Albin FELIHO Pr\u00e9sident<\/strong> <strong>de<\/strong> <strong>la<\/strong> <strong>CONEB<\/strong>, en r\u00e9it\u00e9rant l\u2019engagement de son organisation partenaire \u00e0 la <strong>CGTB<\/strong>, a salu\u00e9 l\u2019esprit et la d\u00e9marche du projet, et a \u00e9voqu\u00e9 la pertinence d&rsquo;\u0153uvrer pour une formation vraiment pratique avec des instruments de derni\u00e8re g\u00e9n\u00e9ration. De leur c\u00f4t\u00e9, les d\u00e9l\u00e9gu\u00e9s de la <strong>CGTB<\/strong> ont plaid\u00e9 pour une formation \u00e9quitable, qui pourrait r\u00e9duire le foss\u00e9 entre les diff\u00e9rents niveaux de qualification dans le secteur \u00e9ducatif.<\/p>\n\n\n\n<p>\u00c0 la sortie de cette s\u00e9ance de travail, il ressort un engagement fort des deux parties pour avancer vers une convention collective qui r\u00e9ponde aux exigences d\u2019un secteur en pleine mutation. La <strong>CGTB<\/strong> et la <strong>CONEB<\/strong> s\u2019accordent sur la n\u00e9cessit\u00e9 de poursuivre le dialogue afin d\u2019aboutir \u00e0 un texte consensuel, \u00e0 m\u00eame de valoriser les comp\u00e9tences des enseignants et d\u2019am\u00e9liorer leurs conditions de travail.<\/p>\n\n\n\n<p>La s\u00e9ance s\u2019est achev\u00e9e avec la promesse d\u2019une collaboration soutenue et de prochaines r\u00e9unions pour peaufiner les d\u00e9tails de cet avant-projet. La <strong>CGTB<\/strong> et la <strong>CONEB<\/strong> s&rsquo;engagent ainsi \u00e0 \u0153uvrer main dans la main pour le d\u00e9veloppement d\u2019un cadre \u00e9ducatif inclusif et performant au B\u00e9nin.<\/p>\n\n\n\n<p>Cette d\u00e9marche, salu\u00e9e par les acteurs de l\u2019\u00e9ducation et les observateurs, marque sans nul doute une avanc\u00e9e significative vers une r\u00e9forme du secteur priv\u00e9 de l\u2019enseignement. Le chemin semble encore long, mais la volont\u00e9 commune de la <strong>CGTB<\/strong> et de la <strong>CONEB<\/strong> laisse esp\u00e9rer un avenir prometteur pour l\u2019\u00e9ducation au B\u00e9nin. <\/p>\n\n\n\n<p><strong><em>CONEB ! ENSEMBLE, LE BENIN AVANCE <\/em><\/strong><\/p>\n","protected":false},"excerpt":{"rendered":"<p>Ce mardi 05 novembre 2024, une s\u00e9ance de travail strat\u00e9gique s\u2019est tenue dans les locaux de la Conf\u00e9d\u00e9ration Nationale des Employeurs du B\u00e9nin (CONEB), r\u00e9unissant des repr\u00e9sentants de la Conf\u00e9d\u00e9ration G\u00e9n\u00e9rale des Travailleurs du B\u00e9nin (CGTB) et des membres du Comit\u00e9 Directeur National de la CONEB. Aux environs de 15 heures, les d\u00e9l\u00e9gations ont entam\u00e9 [&hellip;]<\/p>\n","protected":false},"author":7,"featured_media":5516,"comment_status":"open","ping_status":"open","sticky":false,"template":"","format":"standard","meta":{"ngg_post_thumbnail":0,"footnotes":""},"categories":[37],"tags":[],"class_list":["post-5514","post","type-post","status-publish","format-standard","has-post-thumbnail","hentry","category-nouvelle"],"_links":{"self":[{"href":"https:\/\/coneb.africa\/web\/wp-json\/wp\/v2\/posts\/5514","targetHints":{"allow":["GET"]}}],"collection":[{"href":"https:\/\/coneb.africa\/web\/wp-json\/wp\/v2\/posts"}],"about":[{"href":"https:\/\/coneb.africa\/web\/wp-json\/wp\/v2\/types\/post"}],"author":[{"embeddable":true,"href":"https:\/\/coneb.africa\/web\/wp-json\/wp\/v2\/users\/7"}],"replies":[{"embeddable":true,"href":"https:\/\/coneb.africa\/web\/wp-json\/wp\/v2\/comments?post=5514"}],"version-history":[{"count":1,"href":"https:\/\/coneb.africa\/web\/wp-json\/wp\/v2\/posts\/5514\/revisions"}],"predecessor-version":[{"id":5517,"href":"https:\/\/coneb.africa\/web\/wp-json\/wp\/v2\/posts\/5514\/revisions\/5517"}],"wp:featuredmedia":[{"embeddable":true,"href":"https:\/\/coneb.africa\/web\/wp-json\/wp\/v2\/media\/5516"}],"wp:attachment":[{"href":"https:\/\/coneb.africa\/web\/wp-json\/wp\/v2\/media?parent=5514"}],"wp:term":[{"taxonomy":"category","embeddable":true,"href":"https:\/\/coneb.africa\/web\/wp-json\/wp\/v2\/categories?post=5514"},{"taxonomy":"post_tag","embeddable":true,"href":"https:\/\/coneb.africa\/web\/wp-json\/wp\/v2\/tags?post=5514"}],"curies":[{"name":"wp","href":"https:\/\/api.w.org\/{rel}","templated":true}]}}