



{"id":5766,"date":"2026-01-02T13:51:11","date_gmt":"2026-01-02T12:51:11","guid":{"rendered":"https:\/\/coneb.africa\/web\/?p=5766"},"modified":"2026-01-02T13:53:14","modified_gmt":"2026-01-02T12:53:14","slug":"quand-la-reforme-devient-performance-le-benin-prend-la-tete","status":"publish","type":"post","link":"https:\/\/coneb.africa\/web\/2026\/01\/02\/quand-la-reforme-devient-performance-le-benin-prend-la-tete\/","title":{"rendered":"Quand la r\u00e9forme devient performance, le B\u00e9nin prend la t\u00eate."},"content":{"rendered":"\n<p><\/p>\n\n\n\n<p>Il y a des classements qui passent. Et puis il y a ceux qui marquent un tournant.<\/p>\n\n\n\n<p>Le <strong>Rapport Business Ready 2025<\/strong> appartient r\u00e9solument \u00e0 cette seconde cat\u00e9gorie. En se hissant au premier rang de l\u2019UEMOA et de la CEDEAO sur plusieurs indicateurs cl\u00e9s, le B\u00e9nin confirme ce que le terrain \u00e9conomique laissait d\u00e9j\u00e0 entrevoir : une nation qui avance, qui r\u00e9forme et qui assume son ambition.<\/p>\n\n\n\n<p>Derri\u00e8re cette performance, il n\u2019y a ni hasard ni effet d\u2019annonce. Il y a une <strong>vision<\/strong>, un <strong>cap r\u00e9formateur assum\u00e9<\/strong>, et surtout une <strong>synergie efficace entre le secteur public et le secteur priv\u00e9<\/strong>. C\u2019est pr\u00e9cis\u00e9ment dans cet espace de dialogue constructif que la <strong>Conf\u00e9d\u00e9ration Nationale des Employeurs du B\u00e9nin (CONEB)<\/strong> inscrit son action.<\/p>\n\n\n\n<p>La <em>CONEB<\/em> est fi\u00e8re d\u2019avoir contribu\u00e9, aux c\u00f4t\u00e9s du Gouvernement et de l\u2019ensemble des acteurs \u00e9conomiques, \u00e0 ces <strong>r\u00e9formes structurantes<\/strong> qui am\u00e9liorent durablement le climat des affaires. Simplification des proc\u00e9dures, s\u00e9curisation des investissements, renforcement de la comp\u00e9titivit\u00e9 : chaque avanc\u00e9e est le r\u00e9sultat d\u2019un travail patient, concert\u00e9 et orient\u00e9 vers l\u2019impact r\u00e9el.<\/p>\n\n\n\n<p>Ce leadership r\u00e9gional reconnu par <em>Business Ready 2025<\/em> illustre une v\u00e9rit\u00e9 simple mais exigeante : <strong>quand l\u2019\u00c9tat et les entreprises parlent le m\u00eame langage, celui de la performance et de la confiance, l\u2019\u00e9conomie progresse<\/strong>.<\/p>\n\n\n\n<p>Cette reconnaissance internationale envoie un message clair :<br>le B\u00e9nin est aujourd\u2019hui <strong>un espace cr\u00e9dible, attractif et r\u00e9solument tourn\u00e9 vers l\u2019avenir<\/strong>.<br>Un pays o\u00f9 entreprendre devient plus fluide, o\u00f9 investir devient plus s\u00fbr, et o\u00f9 cr\u00e9er de la valeur s\u2019inscrit dans une dynamique durable.<\/p>\n\n\n\n<p>Pour la <em>CONEB<\/em>, ce r\u00e9sultat n\u2019est ni un aboutissement ni une finalit\u00e9. C\u2019est un <em>point d\u2019appui<\/em>.<br>Un encouragement \u00e0 <strong>redoubler d\u2019engagement<\/strong> pour accompagner l\u2019\u00e9mergence d\u2019un <strong>secteur priv\u00e9 fort, innovant et cr\u00e9ateur d\u2019emplois<\/strong>, capable de soutenir la croissance et de transformer les performances macro\u00e9conomiques en opportunit\u00e9s concr\u00e8tes pour les entreprises.<\/p>\n\n\n\n<p>Le B\u00e9nin avance. Le secteur priv\u00e9 s\u2019affirme.<br>Et lorsque la r\u00e9forme rencontre la responsabilit\u00e9, le leadership devient collectif.<\/p>\n","protected":false},"excerpt":{"rendered":"<p>Il y a des classements qui passent. Et puis il y a ceux qui marquent un tournant. Le Rapport Business Ready 2025 appartient r\u00e9solument \u00e0 cette seconde cat\u00e9gorie. En se hissant au premier rang de l\u2019UEMOA et de la CEDEAO sur plusieurs indicateurs cl\u00e9s, le B\u00e9nin confirme ce que le terrain \u00e9conomique laissait d\u00e9j\u00e0 entrevoir [&hellip;]<\/p>\n","protected":false},"author":7,"featured_media":5768,"comment_status":"open","ping_status":"open","sticky":false,"template":"","format":"standard","meta":{"ngg_post_thumbnail":0,"footnotes":""},"categories":[1],"tags":[],"class_list":["post-5766","post","type-post","status-publish","format-standard","has-post-thumbnail","hentry","category-non-classe"],"_links":{"self":[{"href":"https:\/\/coneb.africa\/web\/wp-json\/wp\/v2\/posts\/5766","targetHints":{"allow":["GET"]}}],"collection":[{"href":"https:\/\/coneb.africa\/web\/wp-json\/wp\/v2\/posts"}],"about":[{"href":"https:\/\/coneb.africa\/web\/wp-json\/wp\/v2\/types\/post"}],"author":[{"embeddable":true,"href":"https:\/\/coneb.africa\/web\/wp-json\/wp\/v2\/users\/7"}],"replies":[{"embeddable":true,"href":"https:\/\/coneb.africa\/web\/wp-json\/wp\/v2\/comments?post=5766"}],"version-history":[{"count":1,"href":"https:\/\/coneb.africa\/web\/wp-json\/wp\/v2\/posts\/5766\/revisions"}],"predecessor-version":[{"id":5767,"href":"https:\/\/coneb.africa\/web\/wp-json\/wp\/v2\/posts\/5766\/revisions\/5767"}],"wp:featuredmedia":[{"embeddable":true,"href":"https:\/\/coneb.africa\/web\/wp-json\/wp\/v2\/media\/5768"}],"wp:attachment":[{"href":"https:\/\/coneb.africa\/web\/wp-json\/wp\/v2\/media?parent=5766"}],"wp:term":[{"taxonomy":"category","embeddable":true,"href":"https:\/\/coneb.africa\/web\/wp-json\/wp\/v2\/categories?post=5766"},{"taxonomy":"post_tag","embeddable":true,"href":"https:\/\/coneb.africa\/web\/wp-json\/wp\/v2\/tags?post=5766"}],"curies":[{"name":"wp","href":"https:\/\/api.w.org\/{rel}","templated":true}]}}