



{"id":5777,"date":"2026-04-30T17:54:01","date_gmt":"2026-04-30T15:54:01","guid":{"rendered":"https:\/\/coneb.africa\/web\/?p=5777"},"modified":"2026-04-30T17:54:01","modified_gmt":"2026-04-30T15:54:01","slug":"message-du-president-de-la-confederation-nationale-des-employeurs-du-benin-conebjournee-internationale-du-travail-1er-mai-2026","status":"publish","type":"post","link":"https:\/\/coneb.africa\/web\/2026\/04\/30\/message-du-president-de-la-confederation-nationale-des-employeurs-du-benin-conebjournee-internationale-du-travail-1er-mai-2026\/","title":{"rendered":"Message du Pr\u00e9sident de la Conf\u00e9d\u00e9ration Nationale des Employeurs du B\u00e9nin (CONEB)Journ\u00e9e Internationale du Travail \u2013 1er Mai 2026"},"content":{"rendered":"\n<p><\/p>\n\n\n\n<p>Mesdames et Messieurs, chers acteurs du monde du travail,<\/p>\n\n\n\n<p>En ce 1er Mai, je m\u2019adresse \u00e0 vous avec une conviction intacte : le travail demeure le socle de notre dignit\u00e9 et le moteur de notre transformation collective. Dans un contexte mondial exigeant, marqu\u00e9 par l\u2019inflation, les mutations technologiques et les tensions \u00e9conomiques, le B\u00e9nin avance avec d\u00e9termination, port\u00e9 par des r\u00e9formes ambitieuses et une volont\u00e9 affirm\u00e9e de b\u00e2tir une \u00e9conomie plus robuste et inclusive.<\/p>\n\n\n\n<p>Oui, les d\u00e9fis persistent : co\u00fbt de la vie, employabilit\u00e9 des jeunes, \u00e9quilibre entre performance et justice sociale. Mais notre cap est clair : faire du progr\u00e8s \u00e9conomique un levier de progr\u00e8s humain. L\u2019entreprise doit rester un espace de cr\u00e9ation de valeur, mais aussi de construction sociale et d\u2019\u00e9l\u00e9vation collective.<\/p>\n\n\n\n<p>Aux employeurs, j\u2019en appelle \u00e0 un engagement renouvel\u00e9 : gouvernance responsable, dialogue social sinc\u00e8re, investissement dans le capital humain. La comp\u00e9titivit\u00e9 doit rimer avec innovation, \u00e9quit\u00e9 et responsabilit\u00e9.<\/p>\n\n\n\n<p>Aux travailleurs, j\u2019exprime ma profonde reconnaissance. Votre engagement est la force silencieuse qui fait avancer notre nation. Face aux mutations, cultivez l\u2019excellence, adaptez-vous, progressez.<\/p>\n\n\n\n<p>Aux partenaires sociaux et aux pouvoirs publics, je r\u00e9affirme l\u2019urgence d\u2019un dialogue exigeant et constructif. C\u2019est ensemble que nous b\u00e2tirons un march\u00e9 du travail plus juste, plus inclusif et r\u00e9solument tourn\u00e9 vers l\u2019avenir.<\/p>\n\n\n\n<p>Que ce 1er Mai soit un appel \u00e0 l\u2019action et \u00e0 l\u2019ambition. Faisons du travail un v\u00e9ritable levier de dignit\u00e9 et de prosp\u00e9rit\u00e9 partag\u00e9e.<\/p>\n\n\n\n<p>Vive le travail,<br>Vive l\u2019entreprise responsable,<br>Vive la CONEB,<br>Vive le B\u00e9nin !<\/p>\n\n\n\n<p>Je vous remercie.<\/p>\n\n\n\n<p><strong>Albin FELIHO<\/strong><br>Pr\u00e9sident de la CONEB<\/p>\n","protected":false},"excerpt":{"rendered":"<p>Mesdames et Messieurs, chers acteurs du monde du travail, En ce 1er Mai, je m\u2019adresse \u00e0 vous avec une conviction intacte : le travail demeure le socle de notre dignit\u00e9 et le moteur de notre transformation collective. Dans un contexte mondial exigeant, marqu\u00e9 par l\u2019inflation, les mutations technologiques et les tensions \u00e9conomiques, le B\u00e9nin avance [&hellip;]<\/p>\n","protected":false},"author":7,"featured_media":5778,"comment_status":"open","ping_status":"open","sticky":false,"template":"","format":"standard","meta":{"ngg_post_thumbnail":0,"footnotes":""},"categories":[1],"tags":[],"class_list":["post-5777","post","type-post","status-publish","format-standard","has-post-thumbnail","hentry","category-non-classe"],"_links":{"self":[{"href":"https:\/\/coneb.africa\/web\/wp-json\/wp\/v2\/posts\/5777","targetHints":{"allow":["GET"]}}],"collection":[{"href":"https:\/\/coneb.africa\/web\/wp-json\/wp\/v2\/posts"}],"about":[{"href":"https:\/\/coneb.africa\/web\/wp-json\/wp\/v2\/types\/post"}],"author":[{"embeddable":true,"href":"https:\/\/coneb.africa\/web\/wp-json\/wp\/v2\/users\/7"}],"replies":[{"embeddable":true,"href":"https:\/\/coneb.africa\/web\/wp-json\/wp\/v2\/comments?post=5777"}],"version-history":[{"count":1,"href":"https:\/\/coneb.africa\/web\/wp-json\/wp\/v2\/posts\/5777\/revisions"}],"predecessor-version":[{"id":5779,"href":"https:\/\/coneb.africa\/web\/wp-json\/wp\/v2\/posts\/5777\/revisions\/5779"}],"wp:featuredmedia":[{"embeddable":true,"href":"https:\/\/coneb.africa\/web\/wp-json\/wp\/v2\/media\/5778"}],"wp:attachment":[{"href":"https:\/\/coneb.africa\/web\/wp-json\/wp\/v2\/media?parent=5777"}],"wp:term":[{"taxonomy":"category","embeddable":true,"href":"https:\/\/coneb.africa\/web\/wp-json\/wp\/v2\/categories?post=5777"},{"taxonomy":"post_tag","embeddable":true,"href":"https:\/\/coneb.africa\/web\/wp-json\/wp\/v2\/tags?post=5777"}],"curies":[{"name":"wp","href":"https:\/\/api.w.org\/{rel}","templated":true}]}}